[{"@context":"https:\/\/schema.org\/","@type":"Article","@id":"https:\/\/www.cutstar.cz\/nove-obaly-z-plastu\/#Article","mainEntityOfPage":"https:\/\/www.cutstar.cz\/nove-obaly-z-plastu\/","headline":"Nov\u00e9 obaly z plastu","name":"Nov\u00e9 obaly z plastu","description":"J\u00e1 v\u017edycky hlavn\u011b d\u00e1v\u00e1m na to, \u017ee kdy\u017e \u010dlov\u011bk n\u011bco vyr\u00e1b\u00ed, \u017ee by do toho opravdu m\u011bl d\u00e1t v\u0161echno. J\u00e1 si v\u00e1\u017en\u011b nedok\u00e1\u017ei p\u0159edstavit, kdybych&hellip;","datePublished":"2023-09-24","dateModified":"2024-02-19","author":{"@type":"Person","@id":"https:\/\/www.cutstar.cz\/author\/devene\/#Person","name":"devene","url":"https:\/\/www.cutstar.cz\/author\/devene\/","identifier":1,"image":{"@type":"ImageObject","@id":"https:\/\/secure.gravatar.com\/avatar\/ee69a086fc043006d66000ff5e288b6b088fc8fa323128f3849437410a854832?s=96&d=mm&r=g","url":"https:\/\/secure.gravatar.com\/avatar\/ee69a086fc043006d66000ff5e288b6b088fc8fa323128f3849437410a854832?s=96&d=mm&r=g","height":96,"width":96}},"publisher":{"@type":"Organization","name":"cutstar.cz","logo":{"@type":"ImageObject","@id":"\/logo.png","url":"\/logo.png","width":600,"height":60}},"image":{"@type":"ImageObject","@id":"https:\/\/www.cutstar.cz\/wp-content\/uploads\/gift-4663231_960_720_1.jpg","url":"https:\/\/www.cutstar.cz\/wp-content\/uploads\/gift-4663231_960_720_1.jpg","height":0,"width":0},"url":"https:\/\/www.cutstar.cz\/nove-obaly-z-plastu\/","about":["Produkty"],"wordCount":469,"articleBody":"   J\u00e1 v\u017edycky hlavn\u011b d\u00e1v\u00e1m na to, \u017ee kdy\u017e \u010dlov\u011bk n\u011bco vyr\u00e1b\u00ed, \u017ee by do toho opravdu m\u011bl d\u00e1t v\u0161echno. J\u00e1 si v\u00e1\u017en\u011b nedok\u00e1\u017ei p\u0159edstavit, kdybych j\u00e1 nap\u0159\u00edklad m\u011bla n\u011bjakou firmu a potom bych n\u011bco vyr\u00e1b\u011bla. J\u00e1 sama bych cht\u011bla, aby v\u0161echno bylo opravdu perfektn\u011b ud\u011blan\u00e9 a aby v\u0161echno v\u017edycky \u0161lo podle pl\u00e1nu. Mo\u017en\u00e1 si \u0159\u00edk\u00e1m, \u017ee jsem asi mo\u017en\u00e1 a\u017e moc p\u0159\u00edsn\u00e1 punti\u010dk\u00e1\u0159ka. Ale \u0159eknu v\u00e1m, \u017ee vlastn\u011b punti\u010dk\u00e1\u0159i se maj\u00ed tak\u00e9 dob\u0159e. Punti\u010dk\u00e1\u0159i odv\u00e1d\u011bj\u00ed v\u0161echnu pr\u00e1ci dob\u0159e a jsou v\u011bt\u0161inou zam\u011bstnan\u00ed, kde se mus\u00ed \u010dlov\u011bk opravdu hodn\u011b sna\u017eit. Tak podle m\u00e9ho n\u00e1zoru v tomhle jsou punti\u010dk\u00e1\u0159i opravdu nejlep\u0161\u00ed a podle m\u00e9ho n\u00e1zoru zam\u011bstnavatel\u00e9 si punti\u010dk\u00e1\u0159\u016f tak\u00e9 asi hodn\u011b v\u00e1\u017e\u00ed, proto\u017ee pr\u00e1v\u011b punti\u010dk\u00e1\u0159i v\u017edycky d\u011blaj\u00ed svou pr\u00e1ci do posledn\u00edho punt\u00edku dokonale. A v\u017edycky se u toho sna\u017e\u00ed a neodejdou od sv\u00e9 pr\u00e1ce, dokud to nedod\u011blaj\u00ed, jako nap\u0159\u00edklad m\u016fj kamar\u00e1d, kter\u00fd pracuje ve v\u00fdrob\u011b plastov\u00fdch obal\u016f. M\u016fj kamar\u00e1d mi \u0159\u00edk\u00e1 st\u00e1le dokola, \u017ee v\u00fdroba plastov\u00fdch obal\u016f je docela hodn\u011b slo\u017eit\u00e1 a \u017ee to nen\u00ed pr\u00e1ce pro ka\u017ed\u00e9ho, proto\u017ee tahle pr\u00e1ce je slo\u017eit\u00e1 a tak\u00e9 se u toho mus\u00ed p\u0159em\u00fd\u0161let a mus\u00edte v\u011bd\u011bt, co a jak m\u00e1te d\u011blat, kdy\u017e se d\u011blaj\u00ed plastov\u00e9 obaly. Tak\u00e9 mus\u00edte db\u00e1t na to, aby pr\u00e1v\u011b ten plast, ze kter\u00e9ho d\u011bl\u00e1te dal\u0161\u00ed a dal\u0161\u00ed nov\u00e9 plastov\u00e9 obaly, aby byl \u010dist\u00fd a samoz\u0159ejm\u011b tak\u00e9 nez\u00e1vadn\u00fd. Tak\u00e9 mus\u00edte br\u00e1t v potaz to, jak\u00fd v\u00fdrobce si od v\u00e1s chce nechat ud\u011blat plastov\u00e9 obaly, proto\u017ee nen\u00ed plastov\u00fd obal jako plastov\u00fd obal. Mus\u00edte br\u00e1t tak\u00e9 v potaz, kdy\u017e jsou t\u0159eba plastov\u00e9 obaly na potraviny, aby to bylo samoz\u0159ejm\u011b zdravotn\u011b nez\u00e1vadn\u00e9. Potom jsou tady tak\u00e9 plastov\u00e9 obaly, kter\u00e9 jsou t\u0159eba nap\u0159\u00edklad na sou\u010d\u00e1stky nebo krmiva pro zv\u00ed\u0159ata, tak\u017ee to tak\u00e9 bude \u00fapln\u011b v jin\u00e9 kategorii ne\u017e ostatn\u00ed plastov\u00e9 obaly. Tady ale hlavn\u011b plat\u00ed, \u017ee aby v\u0161echno bylo kvalitn\u011b ud\u011blan\u00e9 a nic se nerozbilo. J\u00e1 sama v\u017edycky, hlavn\u011b v prvn\u00ed \u0159ad\u011b db\u00e1m na to, aby nap\u0159\u00edklad plastov\u00e9 obaly v\u017edycky byly opravdu nez\u00e1vadn\u00e9, proto\u017ee bych necht\u011bla, aby t\u0159eba moje obl\u00edben\u00e9 ty\u010dinky byly obaleny v n\u011bjak\u00e9m \u0161patn\u00e9m obalu, kter\u00fd by se potom dostal i do potravin.                                                                                                                                                                                                                                                                                                                                                                                                   "},{"@context":"https:\/\/schema.org\/","@type":"BreadcrumbList","itemListElement":[{"@type":"ListItem","position":1,"name":"Nov\u00e9 obaly z plastu","item":"https:\/\/www.cutstar.cz\/nove-obaly-z-plastu\/#breadcrumbitem"}]}]