[{"@context":"https:\/\/schema.org\/","@type":"Article","@id":"https:\/\/www.cutstar.cz\/nenechte-se-zaskocit-neocekavanymi-problemy-u-zahranicniho-stehovani\/#Article","mainEntityOfPage":"https:\/\/www.cutstar.cz\/nenechte-se-zaskocit-neocekavanymi-problemy-u-zahranicniho-stehovani\/","headline":"Nenechte se zasko\u010dit neo\u010dek\u00e1van\u00fdmi probl\u00e9my u zahrani\u010dn\u00edho st\u011bhov\u00e1n\u00ed","name":"Nenechte se zasko\u010dit neo\u010dek\u00e1van\u00fdmi probl\u00e9my u zahrani\u010dn\u00edho st\u011bhov\u00e1n\u00ed","description":"Objedn\u00e1vejte st\u011bhov\u00e1ky v\u010das. Ve sv\u00e9m \u017eivot\u011b se sna\u017e\u00edm dodr\u017eovat jedno nepsan\u00e9 pravidlo, a sice prov\u00e1d\u011bt v\u0161e v p\u0159edstihu a ve stylu \u201enejd\u0159\u00edv pr\u00e1ce a potom&hellip;","datePublished":"2025-12-16","dateModified":"2025-12-16","author":{"@type":"Person","@id":"https:\/\/www.cutstar.cz\/author\/devene\/#Person","name":"devene","url":"https:\/\/www.cutstar.cz\/author\/devene\/","identifier":1,"image":{"@type":"ImageObject","@id":"https:\/\/secure.gravatar.com\/avatar\/ee69a086fc043006d66000ff5e288b6b088fc8fa323128f3849437410a854832?s=96&d=mm&r=g","url":"https:\/\/secure.gravatar.com\/avatar\/ee69a086fc043006d66000ff5e288b6b088fc8fa323128f3849437410a854832?s=96&d=mm&r=g","height":96,"width":96}},"publisher":{"@type":"Organization","name":"cutstar.cz","logo":{"@type":"ImageObject","@id":"\/logo.png","url":"\/logo.png","width":600,"height":60}},"image":{"@type":"ImageObject","@id":"https:\/\/www.cutstar.cz\/wp-content\/uploads\/home-5574911_640_10_10_10_10.jpg","url":"https:\/\/www.cutstar.cz\/wp-content\/uploads\/home-5574911_640_10_10_10_10.jpg","height":0,"width":0},"url":"https:\/\/www.cutstar.cz\/nenechte-se-zaskocit-neocekavanymi-problemy-u-zahranicniho-stehovani\/","about":["Firmy"],"wordCount":433,"articleBody":"       Objedn\u00e1vejte st\u011bhov\u00e1ky v\u010das. Ve sv\u00e9m \u017eivot\u011b se sna\u017e\u00edm dodr\u017eovat jedno nepsan\u00e9 pravidlo, a sice prov\u00e1d\u011bt v\u0161e v p\u0159edstihu a ve stylu \u201enejd\u0159\u00edv pr\u00e1ce a potom z\u00e1bava\u201c. D\u00edky tomu se mi tak\u00e9 vyh\u00fdbaj\u00ed probl\u00e9my a nest\u00e1v\u00e1 se, \u017ee bych n\u011bco pro\u0161vihl a d\u00edky tomu nezvl\u00e1dl. T\u00fdk\u00e1 se to i st\u011bhov\u00e1n\u00ed, kde je objedn\u00e1vka st\u011bhovac\u00ed firmy v dostate\u010dn\u00e9m p\u0159edstihu vysloven\u011b kl\u00ed\u010dov\u00e1. Zvl\u00e1\u0161t\u011b u n\u00e1ro\u010dn\u011bj\u0161\u00edch akc\u00ed je naprosto z\u00e1sadn\u00ed kontaktovat st\u011bhovac\u00ed firmu t\u0159eba i \u0161est t\u00fddn\u016f p\u0159edem.Nezapome\u0148te na parkov\u00e1n\u00ed st\u011bhovac\u00edho vozu. Jestli\u017ee se ve m\u011bst\u011b plat\u00ed za parkov\u00e1n\u00ed a je t\u0159eba zajistit parkovac\u00ed m\u00edsto i pro st\u011bhovac\u00ed v\u016fz, vyplat\u00ed se zaj\u00edt na p\u0159\u00edslu\u0161n\u00e9 \u00fa\u0159ady tak\u00e9 v p\u0159edstihu, nebo\u0165 \u00fa\u0159edn\u00edci maj\u00ed ze z\u00e1kona a\u017e t\u0159icet kalend\u00e1\u0159n\u00edch dn\u016f na vy\u0159\u00edzen\u00ed \u017e\u00e1dosti. \u017d\u00e1dost je tedy vhodn\u00e9 pod\u00e1vat t\u0159eba p\u011bt a\u017e \u0161est t\u00fddn\u016f p\u0159edem, zhruba ve stejn\u00e9 dob\u011b, kdy objedn\u00e1v\u00e1te st\u011bhov\u00e1ky.Administrativu za v\u00e1s nikdo nevy\u0159\u00edd\u00ed. St\u011bhovac\u00ed firmy nemaj\u00ed v kompetenci vy\u0159izovat ve\u0161kerou administrativu, co se t\u00fd\u010de nov\u00fdch doklad\u016f, n\u00e1jemn\u00edch smluv, smluv s dodavateli energi\u00ed atd. To v\u0161e mus\u00edte zvl\u00e1dnout sami a op\u011bt tu plat\u00ed zlat\u00e9 pravidlo v\u010dasn\u00e9ho \u00fa\u0159edn\u00edho procesu, abyste ji\u017e p\u00e1r dn\u016f p\u0159ed st\u011bhov\u00e1n\u00edm m\u011bli pot\u0159ebn\u00fd klid.St\u011bhov\u00e1n\u00ed o v\u00edkendu rad\u011bji ne. Na mnoha evropsk\u00fdch d\u00e1lnic\u00edch plat\u00ed z\u00e1kaz vjezdu kamion\u016f nad 3,5 tuny v n\u011bkter\u00fdch hodin\u00e1ch v p\u00e1tek, v sobotu, v ned\u011bli a ve sv\u00e1tky. Je tedy rozumn\u00e9 se t\u011bmto term\u00edn\u016fm p\u0159i st\u011bhov\u00e1n\u00ed vyhnout a p\u0159esunout nap\u0159\u00edklad st\u011bhov\u00e1n\u00ed do Loty\u0161ska rad\u011bji na jindy.Po\u010das\u00ed a podneb\u00ed. St\u011bhovat se do Finska k pol\u00e1rn\u00edmu kruhu v zim\u011b je samoz\u0159ejm\u011b mo\u017en\u00e9, ale j\u00e1 bych rad\u011bji volil jin\u00fd term\u00edn. Stejn\u011b tak bych se za nic na sv\u011bt\u011b nest\u011bhoval na jih It\u00e1lie v \u010dervenci, kdy tam mohou panovat \u010dty\u0159icetistup\u0148ov\u00e1 vedra. Pokud je mo\u017en\u00e9 term\u00edn st\u011bhov\u00e1n\u00ed ovlivnit, sna\u017eil bych se vybrat takov\u00e9 datum st\u011bhovac\u00ed akce, aby p\u0159in\u00e1\u0161elo co nejm\u00e9n\u011b starost\u00ed a komplikac\u00ed.                                                                                                                                                                                                                                                                                                                                                                                                  "},{"@context":"https:\/\/schema.org\/","@type":"BreadcrumbList","itemListElement":[{"@type":"ListItem","position":1,"name":"Nenechte se zasko\u010dit neo\u010dek\u00e1van\u00fdmi probl\u00e9my u zahrani\u010dn\u00edho st\u011bhov\u00e1n\u00ed","item":"https:\/\/www.cutstar.cz\/nenechte-se-zaskocit-neocekavanymi-problemy-u-zahranicniho-stehovani\/#breadcrumbitem"}]}]