[{"@context":"https:\/\/schema.org\/","@type":"Article","@id":"https:\/\/www.cutstar.cz\/ne-vse-byva-dokonale\/#Article","mainEntityOfPage":"https:\/\/www.cutstar.cz\/ne-vse-byva-dokonale\/","headline":"Ne v\u0161e b\u00fdv\u00e1 dokonal\u00e9","name":"Ne v\u0161e b\u00fdv\u00e1 dokonal\u00e9","description":"M\u016f\u017ee se toti\u017e snadno st\u00e1t, \u017ee si \u010dlov\u011bk koup\u00ed (zejm\u00e9na star\u0161\u00ed) nemovitost, v n\u00ed\u017e se d\u00e1 naj\u00edt krom\u011b tradi\u010dn\u00edch m\u00edstnost\u00ed i n\u011bco, co je tak&hellip;","datePublished":"2019-02-19","dateModified":"2023-04-30","author":{"@type":"Person","@id":"https:\/\/www.cutstar.cz\/author\/devene\/#Person","name":"devene","url":"https:\/\/www.cutstar.cz\/author\/devene\/","identifier":1,"image":{"@type":"ImageObject","@id":"https:\/\/secure.gravatar.com\/avatar\/ee69a086fc043006d66000ff5e288b6b088fc8fa323128f3849437410a854832?s=96&d=mm&r=g","url":"https:\/\/secure.gravatar.com\/avatar\/ee69a086fc043006d66000ff5e288b6b088fc8fa323128f3849437410a854832?s=96&d=mm&r=g","height":96,"width":96}},"publisher":{"@type":"Organization","name":"cutstar.cz","logo":{"@type":"ImageObject","@id":"\/logo.png","url":"\/logo.png","width":600,"height":60}},"image":{"@type":"ImageObject","@id":"https:\/\/www.cutstar.cz\/wp-content\/uploads\/img_a338767_w2387_t1551365133.jpg","url":"https:\/\/www.cutstar.cz\/wp-content\/uploads\/img_a338767_w2387_t1551365133.jpg","height":0,"width":0},"url":"https:\/\/www.cutstar.cz\/ne-vse-byva-dokonale\/","wordCount":494,"articleBody":"M\u016f\u017ee se toti\u017e snadno st\u00e1t, \u017ee si \u010dlov\u011bk koup\u00ed (zejm\u00e9na star\u0161\u00ed) nemovitost, v n\u00ed\u017e se d\u00e1 naj\u00edt krom\u011b tradi\u010dn\u00edch m\u00edstnost\u00ed i n\u011bco, co je tak jaksi k ni\u010demu se nehod\u00edc\u00ed.T\u00edm n\u011b\u010d\u00edm nejednou b\u00fdv\u00e1 \u00fazk\u00e1 chodbi\u010dka. N\u011bco, co m\u011blo pro p\u0159edchoz\u00ed generace mo\u017en\u00e1 n\u011bjak\u00fd ur\u010dit\u00fd v\u00fdznam, co je ale dne\u0161n\u00edm \u010dlov\u011bkem prakticky nevyu\u017eiteln\u00e9. Proto\u017ee co si m\u00e1 jeden po\u010d\u00edt s takovou chodbi\u010dkou p\u0159\u00edmo za vchodov\u00fdmi dve\u0159mi, \u017ee? \u010clov\u011bk se v n\u00ed sice m\u016f\u017ee p\u0159ezouvat a odkl\u00e1dat zde svrchn\u00ed o\u0161acen\u00ed, jen\u017ee jinak je tato pr\u00e1v\u011b svou \u00fazkost\u00ed tak nepraktick\u00e1!Jak jenom vy\u0159e\u0161it ?Jak to jenom zaona\u010dit, aby tato nebyla vysloven\u011b m\u00edstem na obt\u00ed\u017e, kter\u00e9 se ned\u00e1 smyslupln\u011bji vyu\u017e\u00edt a kter\u00e9 hyzd\u00ed byt a nejednou doslova p\u016fsob\u00ed jako stra\u0161\u00e1k na v\u0161echny vstupuj\u00edc\u00ed?N\u011bkdy lze sice tento prostor roz\u0161\u00ed\u0159it s pomoc\u00ed stavebn\u00edch \u00faprav, to v\u0161ak nen\u00ed mo\u017en\u00e9 v\u017edy a v\u0161ude. A pokud u\u017e nep\u0159ich\u00e1z\u00ed n\u011bjak\u00e9 bour\u00e1n\u00ed v \u00favahu, nezb\u00fdv\u00e1 ne\u017e zapracovat na tomto prostoru alespo\u0148 zd\u00e1nliv\u011b, opticky.Jak?Pomoci tu mohou t\u0159eba vhodn\u00e9 barvy st\u011bn a rovn\u011b\u017e vhodn\u00e9 osv\u011btlen\u00ed. Proto\u017ee vhodn\u00e9 barvy a sv\u011btlo, p\u0159\u00edpadn\u011b dopln\u011bn\u00e9 je\u0161t\u011b o zrcadla, dok\u00e1\u017eou ud\u011blat zd\u00e1nliv\u00e9 u\u010din\u011bn\u00e9 z\u00e1zraky.Dlouhou ze\u010f tu lze vyu\u017e\u00edt smyslupln\u011b t\u0159eba k rozv\u011b\u0161en\u00ed obraz\u016f, \u010d\u00edm\u017e se z nehostinn\u00e9ho m\u00edsta hrav\u011b stane docela zaj\u00edmav\u00e1 galerie. A nen\u00ed-li vlastn\u00edk pr\u00e1v\u011b p\u0159\u00edznivcem malovan\u00fdch obraz\u016f, lze zde rozv\u011bsit t\u0159eba i rodinn\u00e9 fotografie, sn\u00edmky zaj\u00edmav\u00fdch m\u00edst nebo dejme tomu i kousky tapet nebo jin\u00e9 dekorace.A pokud takov\u00e1 \u00fazk\u00e1 chodbi\u010dka nen\u00ed pouh\u00fdm r\u00e1doby tunelem, spojuj\u00edc\u00edm m\u00edstnosti a zakon\u010den\u00fdm dve\u0159mi, m\u016f\u017ee se takov\u00e1 nepraktick\u00e1 chodbi\u010dka klidn\u011b prom\u011bnit v p\u0159\u00edmo ide\u00e1ln\u00ed prostor pou\u017eiteln\u00fd jako odkl\u00e1dac\u00ed prostor, v n\u011bm\u017e m\u016f\u017ee nal\u00e9zt sv\u00e9 um\u00edst\u011bn\u00ed cokoliv, co by jinde zab\u00edralo zbyte\u010dn\u011b m\u00edsto.Ka\u017edop\u00e1dn\u011b je \u017e\u00e1douc\u00ed vymalovat takov\u00e9 \u00fazk\u00e9 prostory n\u011bjakou sv\u011btlej\u0161\u00ed barvou a u\u017e\u00edvat je tak, aby zde nedoch\u00e1zelo k \u00faraz\u016fm zap\u0159\u00ed\u010din\u011bn\u00fdm \u0161pi\u010dat\u00fdmi v\u00fd\u010dn\u011blky \u010di ostr\u00fdmi hranami.Tak\u017ee jak vidno, \u0159e\u0161en\u00ed se nakonec v\u017edycky najde. Sta\u010d\u00ed jen trocha kreativity a nikdo dost mo\u017en\u00e1 v\u016fbec nepost\u0159ehne, \u017ee m\u00e1te doma i tak nepat\u0159i\u010dn\u00fd a k ni\u010demu se nehod\u00edc\u00ed prostor. Kter\u00fd mo\u017en\u00e1 kdysi k n\u011b\u010demu slou\u017eil, jen\u017ee dnes u\u017e jenom vad\u00ed. Pokud se tedy nepostar\u00e1me, aby byl n\u011bjak alternativn\u011b vyu\u017eit.                                                                                                                                                                                                                                                                                                                                                                                                "},{"@context":"https:\/\/schema.org\/","@type":"BreadcrumbList","itemListElement":[{"@type":"ListItem","position":1,"name":"Ne v\u0161e b\u00fdv\u00e1 dokonal\u00e9","item":"https:\/\/www.cutstar.cz\/ne-vse-byva-dokonale\/#breadcrumbitem"}]}]