[{"@context":"https:\/\/schema.org\/","@type":"Article","@id":"https:\/\/www.cutstar.cz\/kde-uchovavat-jaderny-odpad\/#Article","mainEntityOfPage":"https:\/\/www.cutstar.cz\/kde-uchovavat-jaderny-odpad\/","headline":"Kde uchov\u00e1vat jadern\u00fd odpad","name":"Kde uchov\u00e1vat jadern\u00fd odpad","description":"\u010cesko prozat\u00edm \u017e\u00e1dn\u00e9 ulo\u017ei\u0161t\u011b nem\u00e1. Zat\u00edm se nach\u00e1z\u00edme ve f\u00e1zi v\u00fdb\u011bru lokality. Moment\u00e1ln\u011b se jadern\u00e9 zbytky odkl\u00e1daj\u00ed do mezisklad\u016f a na stavbu \u00falo\u017ei\u0161t\u011b se \u010dek\u00e1.&hellip;","datePublished":"2020-09-18","dateModified":"2023-04-30","author":{"@type":"Person","@id":"https:\/\/www.cutstar.cz\/author\/devene\/#Person","name":"devene","url":"https:\/\/www.cutstar.cz\/author\/devene\/","identifier":1,"image":{"@type":"ImageObject","@id":"https:\/\/secure.gravatar.com\/avatar\/ee69a086fc043006d66000ff5e288b6b088fc8fa323128f3849437410a854832?s=96&d=mm&r=g","url":"https:\/\/secure.gravatar.com\/avatar\/ee69a086fc043006d66000ff5e288b6b088fc8fa323128f3849437410a854832?s=96&d=mm&r=g","height":96,"width":96}},"publisher":{"@type":"Organization","name":"cutstar.cz","logo":{"@type":"ImageObject","@id":"\/logo.png","url":"\/logo.png","width":600,"height":60}},"image":{"@type":"ImageObject","@id":"https:\/\/www.cutstar.cz\/wp-content\/uploads\/img_a278342_w4342_t1602061288.jpg","url":"https:\/\/www.cutstar.cz\/wp-content\/uploads\/img_a278342_w4342_t1602061288.jpg","height":0,"width":0},"url":"https:\/\/www.cutstar.cz\/kde-uchovavat-jaderny-odpad\/","about":["Pen\u00edze"],"wordCount":444,"articleBody":"\u010cesko prozat\u00edm \u017e\u00e1dn\u00e9 ulo\u017ei\u0161t\u011b nem\u00e1. Zat\u00edm se nach\u00e1z\u00edme ve f\u00e1zi v\u00fdb\u011bru lokality. Moment\u00e1ln\u011b se jadern\u00e9 zbytky odkl\u00e1daj\u00ed do mezisklad\u016f a na stavbu \u00falo\u017ei\u0161t\u011b se \u010dek\u00e1. Moment\u00e1ln\u00ed p\u0159edpoklady dokon\u010den\u00ed tohoto \u00falo\u017ei\u0161t\u011b by m\u011bl b\u00fdt rok 2065.Spr\u00e1va \u00falo\u017ei\u0161\u0165 radioaktivn\u00edch odpad\u016fMoment\u00e1ln\u011b se nach\u00e1z\u00edme v\u00a0patov\u00e9 situaci. \u017d\u00e1dn\u00e1 z\u00a0vytipovan\u00fdch vesnic se nechce podvolit stavb\u011b, a geologick\u00fd masiv se zat\u00edm zcela ide\u00e1ln\u00ed nena\u0161el. Tato ot\u00e1zka se zat\u00edm je\u0161t\u011b ne\u0159e\u0161\u00ed. Moment\u00e1ln\u011b se ale za\u010d\u00edn\u00e1 p\u0159em\u00fd\u0161let o tom, \u017ee vesnici, v\u00a0jej\u00ed\u017e bl\u00edzkosti by se \u00falo\u017ei\u0161t\u011b jadern\u00e9ho odpadu nach\u00e1zelo, by dostala jist\u00e9 kompenza\u010dn\u00ed slo\u017eky.P\u016fvodn\u00ed pl\u00e1n Kdy\u017e se, asi p\u0159ed dvaceti lety, za\u010daly na \u00fazem\u00ed \u010cesk\u00e9 republiky stav\u011bt jadern\u00e9 elektr\u00e1rny, p\u0159edpokl\u00e1dalo se, \u017ee jadern\u00fd odpad se bude vyv\u00e1\u017eet n\u011bkam daleko na v\u00fdchod, pravd\u011bpodobn\u011b na Sibi\u0159, tedy \u00fazem\u00ed b\u00fdval\u00e9ho sov\u011btsk\u00e9ho svazu. Av\u0161ak do\u0161lo ke zm\u011bn\u00e1m pl\u00e1n\u016f a s\u00a0odpadem se muselo mezit\u00edm n\u011bco d\u011blat. Vytvo\u0159ilo se prozat\u00edmn\u00ed \u0159e\u0161en\u00ed, a to pos\u00edlat odpad do mezisklad\u016f v\u00a0bezprost\u0159edn\u00ed bl\u00edzkosti elektr\u00e1rny.Odpad v\u00a0meziskladech Podle odhad\u016f Spr\u00e1vy \u00falo\u017ei\u0161\u0165 pro radioaktivn\u00ed odpad je \u017eivotnost kontejner\u016f asi pades\u00e1t let, pravd\u011bpodobn\u011b vy\u0161\u0161\u00ed. Proto nen\u00ed d\u016fvod se prozat\u00edm strachovat nebo jednat nerozv\u00e1\u017en\u011b a ryhcle.V\u00fdb\u011br parcely U\u017e od roku 2011 vyb\u00edr\u00e1 vl\u00e1da nejvhodn\u011bj\u0161\u00ed lokality, nic p\u0159esn\u00e9ho ani jist\u00e9ho v\u0161ak nen\u00ed do dne\u0161n\u00edho dne zn\u00e1mo. Loni odpadlo n\u011bkolik mo\u017en\u00fdch lokalit s\u00a0od\u016fvodn\u011bn\u00edm, \u017ee se jedn\u00e1 o ni\u010den\u00ed \u017eivotn\u00edho prost\u0159ed\u00ed, pro\u010de\u017e podali na ministra \u017eivotn\u00edho prost\u0159ed\u00ed \u017ealobu. Zbyly dv\u011b lokality:&#8211;\u00a0\u00a0\u00a0\u00a0\u00a0\u00a0\u00a0\u00a0\u00a0 Horka u Velk\u00e9ho Mezi\u0159\u00ed\u010d\u00ed&#8211;\u00a0\u00a0\u00a0\u00a0\u00a0\u00a0\u00a0\u00a0\u00a0 Krav\u00ed hora na \u017d\u010f\u00e1rskuAv\u0161ak podle posledn\u00edch pr\u016fzkum\u016f se zd\u00e1, \u017ee ani jedna lokalita nebude kv\u016fli druhu p\u016fdy vyhovovat.Odhady Podle anal\u00fdzy se odhaduje, \u017ee na stavbu jadern\u00e9ho \u00falo\u017ei\u0161t\u011b bude pot\u0159eba minim\u00e1ln\u011b sto dvan\u00e1ct miliard korun. U \u010cesk\u00e9 n\u00e1rodn\u00ed banky vznikl ro tento \u00fa\u010del speci\u00e1ln\u00ed \u00fa\u010det, na kter\u00fd by se m\u011blo ji\u017e n\u011bkolik let spo\u0159it. Tyto pen\u00edze budou ur\u010deny na ve\u0161ker\u00e9 v\u00fddaje spojen\u00e9 se stavbou \u00falo\u017ei\u0161t\u011b a s\u00a0aktivitami s\u00a0t\u00edm spojen\u00e9. Moment\u00e1ln\u011b je na \u00fa\u010dtu podle \u010cNB asi \u010dty\u0159iadvacet miliard korun.                                                                                                                                                                                                                                                                                                                                                                                                "},{"@context":"https:\/\/schema.org\/","@type":"BreadcrumbList","itemListElement":[{"@type":"ListItem","position":1,"name":"Kde uchov\u00e1vat jadern\u00fd odpad","item":"https:\/\/www.cutstar.cz\/kde-uchovavat-jaderny-odpad\/#breadcrumbitem"}]}]