[{"@context":"https:\/\/schema.org\/","@type":"Article","@id":"https:\/\/www.cutstar.cz\/co-v-srpnu-vysazet-do-zahrady\/#Article","mainEntityOfPage":"https:\/\/www.cutstar.cz\/co-v-srpnu-vysazet-do-zahrady\/","headline":"Co v srpnu vys\u00e1zet do zahrady","name":"Co v srpnu vys\u00e1zet do zahrady","description":"Uvoln\u011bn\u00e9 z\u00e1hony, kter\u00e9 jsme na ja\u0159e os\u00e1zeli druhy zeleniny, kter\u00e1 skl\u00edz\u00ed za\u010d\u00e1tkem l\u00e9ta, je mo\u017en\u00e9 je\u0161t\u011b i v srpnu vyu\u017e\u00edt na druhou sadbu. Kterou ze&hellip;","datePublished":"2023-11-29","dateModified":"2023-11-29","author":{"@type":"Person","@id":"https:\/\/www.cutstar.cz\/author\/devene\/#Person","name":"devene","url":"https:\/\/www.cutstar.cz\/author\/devene\/","identifier":1,"image":{"@type":"ImageObject","@id":"https:\/\/secure.gravatar.com\/avatar\/ee69a086fc043006d66000ff5e288b6b088fc8fa323128f3849437410a854832?s=96&d=mm&r=g","url":"https:\/\/secure.gravatar.com\/avatar\/ee69a086fc043006d66000ff5e288b6b088fc8fa323128f3849437410a854832?s=96&d=mm&r=g","height":96,"width":96}},"publisher":{"@type":"Organization","name":"cutstar.cz","logo":{"@type":"ImageObject","@id":"\/logo.png","url":"\/logo.png","width":600,"height":60}},"image":{"@type":"ImageObject","@id":"https:\/\/www.cutstar.cz\/wp-content\/uploads\/hedgehog-548335_640_2.jpg","url":"https:\/\/www.cutstar.cz\/wp-content\/uploads\/hedgehog-548335_640_2.jpg","height":0,"width":0},"url":"https:\/\/www.cutstar.cz\/co-v-srpnu-vysazet-do-zahrady\/","about":["Zahrada a d\u016fm"],"wordCount":446,"articleBody":"Uvoln\u011bn\u00e9 z\u00e1hony, kter\u00e9 jsme na ja\u0159e os\u00e1zeli druhy zeleniny, kter\u00e1 skl\u00edz\u00ed za\u010d\u00e1tkem l\u00e9ta, je mo\u017en\u00e9 je\u0161t\u011b i v srpnu vyu\u017e\u00edt na druhou sadbu. Kterou ze zahrady lze poskl\u00edzet je\u0161t\u011b p\u0159ed prvn\u00edmi mraz\u00edky. A pokud je v dom\u011b skl\u00edpek, do kter\u00e9ho ji m\u016f\u017eeme uskladnit, mnohdy jej\u00ed z\u00e1soba vydr\u017e\u00ed a\u017e do jara. Ozim\u00e1 hl\u00e1vkov\u00e1 kapusta je jednou z plodin, stejn\u011b jako kade\u0159\u00e1vek, kter\u00fd m\u016f\u017eeme vysadit do uvoln\u011bn\u00e9ho z\u00e1honu i v polovin\u011b srpna. Vys\u00e9vaj\u00ed\u00a0se jejich semena do sadbova\u010d\u016f, ze kter\u00fdch v po\u010d\u00e1tkem\u00a0z\u00e1\u0159\u00ed p\u0159esazuj\u00ed do hust\u00fdch p\u016flmetrov\u00fdch spon\u016f na z\u00e1hon. Kter\u00fd pozd\u011bji vyjednot\u00edme. Pro zd\u00e1rn\u00fd r\u016fst obou druh\u016f\u00a0je pot\u0159ebn\u00e1\u00a0pravideln\u00e1 z\u00e1livka. \u010c\u00edm\u017e je zaji\u0161t\u011bna bohat\u00e1 \u00faroda na za\u010d\u00e1tku \u0159\u00edjna.Dal\u0161\u00ed listovou zeleninou, kterou je mo\u017en\u00e9 zas\u00edt na venkovn\u00ed z\u00e1hony na konci l\u00e9ta je \u0161t\u011brb\u00e1k. \u0160\u0165avnat\u00fd, m\u00edrn\u011b naho\u0159kl\u00fd a dob\u0159e se j\u00edm dochucuj\u00ed podzimn\u00ed sal\u00e1ty. Aby ho nesp\u00e1lily prvn\u00ed mraz\u00edky, lze cel\u00fd z\u00e1hon p\u0159ikr\u00fdt netkanou textili\u00ed. Anebo ho vyp\u011bstovat ve sklen\u00edku. Stejn\u011b tak kade\u0159av\u00fd sal\u00e1t. Kter\u00fd roste rychle a pokud je podzim tepl\u00fd, sta\u010d\u00ed se jeho hl\u00e1vky pot\u0159ebn\u011b zavinout. Za zkou\u0161ku stoj\u00ed vys\u00e9vat i semena kozl\u00ed\u010dku poln\u00ed\u010dku. Kter\u00e9mu ke zd\u00e1rn\u00e9mu r\u016fstu prosp\u00edvaj\u00ed organick\u00e1 hnojiva, obzvl\u00e1\u0161t\u011b z\u00e1livka z kop\u0159ivov\u00e9ho v\u00fdluhu \u010di zkva\u0161en\u00e9ho dr\u016fbe\u017e\u00edho trusu. Kter\u00fdm podpo\u0159\u00edme i r\u016fst \u0161pen\u00e1tu, kter\u00e9ho mlad\u00e9 listy jsou nejen kulin\u00e1\u0159sk\u00fdm z\u00e1zrakem. Ale i zdravotn\u00edm p\u0159\u00ednosem.Na konci srpna m\u016f\u017eeme rovn\u011b\u017e vys\u00e9vat semena \u0161ruchy zeln\u00e9. Vzhledem k tomu, \u017ee m\u00e1 hlubok\u00e9 ko\u0159eny a velk\u00e9 listy, rad\u011bji do voln\u011bj\u0161\u00edch spon\u016f. Tato plaziv\u00e1 a odoln\u00e1 rostlina se hod\u00ed nejen do sal\u00e1t\u016f. Ale p\u0159ipravuje se i jako \u0161pen\u00e1t. T\u00edm, \u017ee obsahuje velk\u00e9 mno\u017estv\u00ed omega-3 mastn\u00fdch kyselin, ho\u0159\u010d\u00edk, drasl\u00edk v\u00e1pn\u00edk a \u017eelezo \u010di vitam\u00edny A,B i C se \u0159ad\u00ed mezi nejzdrav\u011bj\u0161\u00ed zeleninu. Na konci l\u00e9ta je mo\u017en\u00e9 i zas\u00edt ozimou cibuli. \u010c\u00edm\u017e si lze dop\u0159\u00e1t v p\u0159\u00ed\u0161t\u00edm roce v\u010dasnou sklize\u0148. Proto\u017ee u\u017e za\u010d\u00e1tkem dubna lze skl\u00edzet mal\u00e9 cibulky. Ale hlavn\u011b zelenou na\u0165, kterou, jemn\u011b nasekanou,\u00a0 tak r\u00e1dy p\u0159id\u00e1vaj\u00ed hospody\u0148ky do p\u0159ipravovan\u00fdch pokrm\u016f. A v \u010dervnu pak dor\u016fstaj\u00ed cibule na uskladn\u011bn\u00ed.                                                                                                                                                                                                                                                                                                                                                                                                "},{"@context":"https:\/\/schema.org\/","@type":"BreadcrumbList","itemListElement":[{"@type":"ListItem","position":1,"name":"Co v srpnu vys\u00e1zet do zahrady","item":"https:\/\/www.cutstar.cz\/co-v-srpnu-vysazet-do-zahrady\/#breadcrumbitem"}]}]